{"id":429,"date":"2026-01-29T15:38:54","date_gmt":"2026-01-29T15:38:54","guid":{"rendered":"https:\/\/couteau-nihon.fr\/blog\/?p=429"},"modified":"2026-01-29T15:40:01","modified_gmt":"2026-01-29T15:40:01","slug":"accelerateur-de-cabinet-pourquoi-les-professionnels","status":"publish","type":"post","link":"https:\/\/couteau-nihon.fr\/blog\/accelerateur-de-cabinet-pourquoi-les-professionnels\/429\/","title":{"rendered":"Acc\u00e9l\u00e9rateur de Cabinet : pourquoi les professionnels parlent d\u2019un excellent rapport valeur \/ engagement"},"content":{"rendered":"\n<p>Lorsqu\u2019un professionnel cherche \u00e0 structurer ou d\u00e9velopper son cabinet, une question revient syst\u00e9matiquement : <strong>est-ce que l\u2019accompagnement en vaut vraiment la peine ?<\/strong><br>Derri\u00e8re le mot <em>prix<\/em> se cache en r\u00e9alit\u00e9 une interrogation bien plus large : celle du <strong>rapport entre l\u2019engagement demand\u00e9 et la valeur r\u00e9ellement obtenue<\/strong>.<\/p><div id=\"ez-toc-container\" class=\"ez-toc-v2_0_82_2 ez-toc-wrap-center counter-hierarchy ez-toc-counter ez-toc-grey ez-toc-container-direction\">\n<div class=\"ez-toc-title-container\">\n<p class=\"ez-toc-title\" style=\"cursor:inherit\">Sommaire<\/p>\n<span class=\"ez-toc-title-toggle\"><a href=\"#\" class=\"ez-toc-pull-right ez-toc-btn ez-toc-btn-xs ez-toc-btn-default ez-toc-toggle\" aria-label=\"Toggle Table of Content\"><span class=\"ez-toc-js-icon-con\"><span class=\"\"><span class=\"eztoc-hide\" style=\"display:none;\">Toggle<\/span><span class=\"ez-toc-icon-toggle-span\"><svg style=\"fill: #999;color:#999\" xmlns=\"http:\/\/www.w3.org\/2000\/svg\" class=\"list-377408\" width=\"20px\" height=\"20px\" viewBox=\"0 0 24 24\" fill=\"none\"><path d=\"M6 6H4v2h2V6zm14 0H8v2h12V6zM4 11h2v2H4v-2zm16 0H8v2h12v-2zM4 16h2v2H4v-2zm16 0H8v2h12v-2z\" fill=\"currentColor\"><\/path><\/svg><svg style=\"fill: #999;color:#999\" class=\"arrow-unsorted-368013\" xmlns=\"http:\/\/www.w3.org\/2000\/svg\" width=\"10px\" height=\"10px\" viewBox=\"0 0 24 24\" version=\"1.2\" baseProfile=\"tiny\"><path d=\"M18.2 9.3l-6.2-6.3-6.2 6.3c-.2.2-.3.4-.3.7s.1.5.3.7c.2.2.4.3.7.3h11c.3 0 .5-.1.7-.3.2-.2.3-.5.3-.7s-.1-.5-.3-.7zM5.8 14.7l6.2 6.3 6.2-6.3c.2-.2.3-.5.3-.7s-.1-.5-.3-.7c-.2-.2-.4-.3-.7-.3h-11c-.3 0-.5.1-.7.3-.2.2-.3.5-.3.7s.1.5.3.7z\"\/><\/svg><\/span><\/span><\/span><\/a><\/span><\/div>\n<nav><ul class='ez-toc-list ez-toc-list-level-1 ' ><li class='ez-toc-page-1 ez-toc-heading-level-2'><a class=\"ez-toc-link ez-toc-heading-1\" href=\"https:\/\/couteau-nihon.fr\/blog\/accelerateur-de-cabinet-pourquoi-les-professionnels\/429\/#Repenser_la_notion_de_prix_dans_laccompagnement_professionnel\" >Repenser la notion de prix dans l\u2019accompagnement professionnel<\/a><\/li><li class='ez-toc-page-1 ez-toc-heading-level-2'><a class=\"ez-toc-link ez-toc-heading-2\" href=\"https:\/\/couteau-nihon.fr\/blog\/accelerateur-de-cabinet-pourquoi-les-professionnels\/429\/#Un_accompagnement_structurant_pense_pour_la_realite_des_cabinets\" >Un accompagnement structurant, pens\u00e9 pour la r\u00e9alit\u00e9 des cabinets<\/a><\/li><li class='ez-toc-page-1 ez-toc-heading-level-2'><a class=\"ez-toc-link ez-toc-heading-3\" href=\"https:\/\/couteau-nihon.fr\/blog\/accelerateur-de-cabinet-pourquoi-les-professionnels\/429\/#La_structuration_comme_levier_central_de_rentabilite\" >La structuration comme levier central de rentabilit\u00e9<\/a><\/li><li class='ez-toc-page-1 ez-toc-heading-level-2'><a class=\"ez-toc-link ez-toc-heading-4\" href=\"https:\/\/couteau-nihon.fr\/blog\/accelerateur-de-cabinet-pourquoi-les-professionnels\/429\/#Un_gain_de_temps_significatif_souvent_sous-estime\" >Un gain de temps significatif, souvent sous-estim\u00e9<\/a><\/li><li class='ez-toc-page-1 ez-toc-heading-level-2'><a class=\"ez-toc-link ez-toc-heading-5\" href=\"https:\/\/couteau-nihon.fr\/blog\/accelerateur-de-cabinet-pourquoi-les-professionnels\/429\/#La_clarte_strategique_un_benefice_souvent_decisif\" >La clart\u00e9 strat\u00e9gique : un b\u00e9n\u00e9fice souvent d\u00e9cisif<\/a><\/li><li class='ez-toc-page-1 ez-toc-heading-level-2'><a class=\"ez-toc-link ez-toc-heading-6\" href=\"https:\/\/couteau-nihon.fr\/blog\/accelerateur-de-cabinet-pourquoi-les-professionnels\/429\/#Une_serenite_retrouvee_dans_la_gestion_du_cabinet\" >Une s\u00e9r\u00e9nit\u00e9 retrouv\u00e9e dans la gestion du cabinet<\/a><\/li><li class='ez-toc-page-1 ez-toc-heading-level-2'><a class=\"ez-toc-link ez-toc-heading-7\" href=\"https:\/\/couteau-nihon.fr\/blog\/accelerateur-de-cabinet-pourquoi-les-professionnels\/429\/#Pourquoi_le_mot_%E2%80%9Cprix%E2%80%9D_revient_malgre_tout_dans_les_recherches\" >Pourquoi le mot \u201cprix\u201d revient malgr\u00e9 tout dans les recherches<\/a><\/li><li class='ez-toc-page-1 ez-toc-heading-level-2'><a class=\"ez-toc-link ez-toc-heading-8\" href=\"https:\/\/couteau-nihon.fr\/blog\/accelerateur-de-cabinet-pourquoi-les-professionnels\/429\/#Un_engagement_progressif_et_structure\" >Un engagement progressif et structur\u00e9<\/a><\/li><li class='ez-toc-page-1 ez-toc-heading-level-2'><a class=\"ez-toc-link ez-toc-heading-9\" href=\"https:\/\/couteau-nihon.fr\/blog\/accelerateur-de-cabinet-pourquoi-les-professionnels\/429\/#Une_approche_orientee_resultats_concrets\" >Une approche orient\u00e9e r\u00e9sultats concrets<\/a><\/li><li class='ez-toc-page-1 ez-toc-heading-level-2'><a class=\"ez-toc-link ez-toc-heading-10\" href=\"https:\/\/couteau-nihon.fr\/blog\/accelerateur-de-cabinet-pourquoi-les-professionnels\/429\/#Un_accompagnement_adapte_a_differents_niveaux_de_maturite\" >Un accompagnement adapt\u00e9 \u00e0 diff\u00e9rents niveaux de maturit\u00e9<\/a><\/li><li class='ez-toc-page-1 ez-toc-heading-level-2'><a class=\"ez-toc-link ez-toc-heading-11\" href=\"https:\/\/couteau-nihon.fr\/blog\/accelerateur-de-cabinet-pourquoi-les-professionnels\/429\/#Une_alternative_credible_aux_solutions_generiques\" >Une alternative cr\u00e9dible aux solutions g\u00e9n\u00e9riques<\/a><\/li><li class='ez-toc-page-1 ez-toc-heading-level-2'><a class=\"ez-toc-link ez-toc-heading-12\" href=\"https:\/\/couteau-nihon.fr\/blog\/accelerateur-de-cabinet-pourquoi-les-professionnels\/429\/#Le_rapport_valeur_engagement_comme_indicateur_cle\" >Le rapport valeur \/ engagement comme indicateur cl\u00e9<\/a><\/li><li class='ez-toc-page-1 ez-toc-heading-level-2'><a class=\"ez-toc-link ez-toc-heading-13\" href=\"https:\/\/couteau-nihon.fr\/blog\/accelerateur-de-cabinet-pourquoi-les-professionnels\/429\/#Une_perception_largement_positive_dans_les_retours_dexperience\" >Une perception largement positive dans les retours d\u2019exp\u00e9rience<\/a><\/li><li class='ez-toc-page-1 ez-toc-heading-level-2'><a class=\"ez-toc-link ez-toc-heading-14\" href=\"https:\/\/couteau-nihon.fr\/blog\/accelerateur-de-cabinet-pourquoi-les-professionnels\/429\/#Pourquoi_de_nombreux_professionnels_recommandent_lAccelerateur_de_Cabinet\" >Pourquoi de nombreux professionnels recommandent l\u2019Acc\u00e9l\u00e9rateur de Cabinet<\/a><\/li><li class='ez-toc-page-1 ez-toc-heading-level-2'><a class=\"ez-toc-link ez-toc-heading-15\" href=\"https:\/\/couteau-nihon.fr\/blog\/accelerateur-de-cabinet-pourquoi-les-professionnels\/429\/#Conclusion_un_prix_percu_comme_juste_au_regard_de_la_valeur_apportee\" >Conclusion : un prix per\u00e7u comme juste au regard de la valeur apport\u00e9e<\/a><\/li><\/ul><\/nav><\/div>\n\n\n\n\n<p>C\u2019est pr\u00e9cis\u00e9ment sur ce terrain que l\u2019<strong>Acc\u00e9l\u00e9rateur de Cabinet<\/strong> se distingue.<br>Plut\u00f4t que de se positionner comme une simple offre de formation ou de conseil, il s\u2019inscrit dans une logique globale d\u2019accompagnement, orient\u00e9e vers la <strong>structuration<\/strong>, le <strong>gain de temps<\/strong>, la <strong>clart\u00e9 strat\u00e9gique<\/strong> et, in fine, une plus grande <strong>s\u00e9r\u00e9nit\u00e9<\/strong> dans la gestion du cabinet.<\/p>\n\n\n\n<p>Mais pourquoi autant de professionnels parlent-ils d\u2019un <strong>excellent rapport valeur \/ engagement<\/strong>, lorsqu\u2019ils \u00e9voquent l\u2019Acc\u00e9l\u00e9rateur de Cabinet ?<br>Pour le comprendre, il faut d\u00e9passer la notion de prix au sens strict et analyser ce que cet accompagnement apporte concr\u00e8tement sur le terrain.<\/p>\n\n\n\n<hr class=\"wp-block-separator has-alpha-channel-opacity\"\/>\n\n\n\n<h2 class=\"wp-block-heading\"><span class=\"ez-toc-section\" id=\"Repenser_la_notion_de_prix_dans_laccompagnement_professionnel\"><\/span>Repenser la notion de prix dans l\u2019accompagnement professionnel<span class=\"ez-toc-section-end\"><\/span><\/h2>\n\n\n\n<p>Dans l\u2019univers de l\u2019accompagnement, le mot <em>prix<\/em> est souvent mal compris.<br>Il est fr\u00e9quemment r\u00e9duit \u00e0 une comparaison purement financi\u00e8re, alors qu\u2019il devrait \u00eatre envisag\u00e9 comme un <strong>levier strat\u00e9gique<\/strong>.<\/p>\n\n\n\n<p>Pour un cabinet, la vraie question n\u2019est pas :<\/p>\n\n\n\n<blockquote class=\"wp-block-quote is-layout-flow wp-block-quote-is-layout-flow\">\n<p>\u201cCombien cela co\u00fbte ?\u201d<\/p>\n<\/blockquote>\n\n\n\n<p>mais plut\u00f4t :<\/p>\n\n\n\n<blockquote class=\"wp-block-quote is-layout-flow wp-block-quote-is-layout-flow\">\n<p>\u201cQu\u2019est-ce que cela me permet de transformer, d\u2019optimiser et de s\u00e9curiser dans mon activit\u00e9 ?\u201d<\/p>\n<\/blockquote>\n\n\n\n<p>L\u2019Acc\u00e9l\u00e9rateur de Cabinet s\u2019inscrit clairement dans cette seconde logique.<br>Il ne se contente pas de transmettre des connaissances, mais vise \u00e0 transformer en profondeur la mani\u00e8re dont le cabinet fonctionne, se structure et se d\u00e9veloppe.<\/p>\n\n\n\n<p>C\u2019est cette transformation qui explique pourquoi le prix est rarement per\u00e7u comme un frein, mais plut\u00f4t comme un <strong>engagement coh\u00e9rent avec la valeur d\u00e9livr\u00e9e<\/strong>.<\/p>\n\n\n\n<hr class=\"wp-block-separator has-alpha-channel-opacity\"\/>\n\n\n\n<h2 class=\"wp-block-heading\"><span class=\"ez-toc-section\" id=\"Un_accompagnement_structurant_pense_pour_la_realite_des_cabinets\"><\/span>Un accompagnement structurant, pens\u00e9 pour la r\u00e9alit\u00e9 des cabinets<span class=\"ez-toc-section-end\"><\/span><\/h2>\n\n\n\n<p>L\u2019un des premiers \u00e9l\u00e9ments mis en avant par les professionnels est la qualit\u00e9 de l\u2019<strong>accompagnement<\/strong> propos\u00e9.<br>L\u2019Acc\u00e9l\u00e9rateur de Cabinet ne se limite pas \u00e0 un contenu th\u00e9orique ou \u00e0 des conseils g\u00e9n\u00e9riques. Il repose sur une approche structur\u00e9e, progressive et adapt\u00e9e aux contraintes du terrain.<\/p>\n\n\n\n<p>Cet accompagnement permet notamment :<\/p>\n\n\n\n<ul class=\"wp-block-list\">\n<li>de poser un cadre clair,<\/li>\n\n\n\n<li>de prioriser les actions r\u00e9ellement utiles,<\/li>\n\n\n\n<li>et d\u2019\u00e9viter la dispersion souvent observ\u00e9e dans les cabinets en croissance.<\/li>\n<\/ul>\n\n\n\n<p>Cette structuration est souvent cit\u00e9e comme un facteur d\u00e9terminant dans la perception du rapport valeur \/ engagement.<br>En apportant de la clart\u00e9 l\u00e0 o\u00f9 il y avait de la confusion, l\u2019Acc\u00e9l\u00e9rateur de Cabinet g\u00e9n\u00e8re un impact direct sur l\u2019efficacit\u00e9 du cabinet.<\/p>\n\n\n\n<hr class=\"wp-block-separator has-alpha-channel-opacity\"\/>\n\n\n\n<h2 class=\"wp-block-heading\"><span class=\"ez-toc-section\" id=\"La_structuration_comme_levier_central_de_rentabilite\"><\/span>La structuration comme levier central de rentabilit\u00e9<span class=\"ez-toc-section-end\"><\/span><\/h2>\n\n\n\n<p>La <strong>structuration<\/strong> est au c\u0153ur de la promesse de l\u2019Acc\u00e9l\u00e9rateur de Cabinet.<br>De nombreux professionnels arrivent avec une activit\u00e9 qui fonctionne, mais qui repose trop souvent sur l\u2019urgence, l\u2019intuition ou l\u2019improvisation.<\/p>\n\n\n\n<p>L\u2019accompagnement vise alors \u00e0 :<\/p>\n\n\n\n<ul class=\"wp-block-list\">\n<li>clarifier les r\u00f4les,<\/li>\n\n\n\n<li>organiser les processus,<\/li>\n\n\n\n<li>structurer l\u2019offre,<\/li>\n\n\n\n<li>et d\u00e9finir une strat\u00e9gie lisible.<\/li>\n<\/ul>\n\n\n\n<p>Cette structuration n\u2019est pas qu\u2019un confort organisationnel.<br>Elle a un impact direct sur la capacit\u00e9 du cabinet \u00e0 se d\u00e9velopper sans s\u2019\u00e9puiser. En ce sens, elle contribue fortement \u00e0 la perception d\u2019un <strong>prix justifi\u00e9 par les b\u00e9n\u00e9fices obtenus<\/strong>.<\/p>\n\n\n\n<hr class=\"wp-block-separator has-alpha-channel-opacity\"\/>\n\n\n\n<h2 class=\"wp-block-heading\"><span class=\"ez-toc-section\" id=\"Un_gain_de_temps_significatif_souvent_sous-estime\"><\/span>Un gain de temps significatif, souvent sous-estim\u00e9<span class=\"ez-toc-section-end\"><\/span><\/h2>\n\n\n\n<p>Parmi les b\u00e9n\u00e9fices les plus fr\u00e9quemment cit\u00e9s figure le <strong>gain de temps<\/strong>.<br>Avant l\u2019accompagnement, de nombreux professionnels d\u00e9crivent un quotidien marqu\u00e9 par la surcharge mentale, la multiplication des t\u00e2ches et une impression de courir en permanence apr\u00e8s le temps.<\/p>\n\n\n\n<p>L\u2019Acc\u00e9l\u00e9rateur de Cabinet agit comme un r\u00e9v\u00e9lateur :<\/p>\n\n\n\n<ul class=\"wp-block-list\">\n<li>il aide \u00e0 identifier les actions \u00e0 forte valeur ajout\u00e9e,<\/li>\n\n\n\n<li>\u00e0 \u00e9liminer ce qui est inutile ou inefficace,<\/li>\n\n\n\n<li>et \u00e0 mettre en place des routines plus fluides.<\/li>\n<\/ul>\n\n\n\n<p>Ce gain de temps est souvent per\u00e7u comme un \u00e9l\u00e9ment cl\u00e9 du rapport valeur \/ engagement.<br>M\u00eame sans parler de chiffres, les professionnels expriment le sentiment que le temps r\u00e9cup\u00e9r\u00e9 justifie largement l\u2019engagement consenti.<\/p>\n\n\n\n<hr class=\"wp-block-separator has-alpha-channel-opacity\"\/>\n\n\n\n<h2 class=\"wp-block-heading\"><span class=\"ez-toc-section\" id=\"La_clarte_strategique_un_benefice_souvent_decisif\"><\/span>La clart\u00e9 strat\u00e9gique : un b\u00e9n\u00e9fice souvent d\u00e9cisif<span class=\"ez-toc-section-end\"><\/span><\/h2>\n\n\n\n<p>La <strong>clart\u00e9 strat\u00e9gique<\/strong> est un autre pilier fondamental de l\u2019Acc\u00e9l\u00e9rateur de Cabinet.<br>Beaucoup de cabinets stagnent non pas par manque de comp\u00e9tences, mais par manque de vision claire.<\/p>\n\n\n\n<p>L\u2019accompagnement permet de r\u00e9pondre \u00e0 des questions essentielles :<\/p>\n\n\n\n<ul class=\"wp-block-list\">\n<li>Quelle est la priorit\u00e9 r\u00e9elle du cabinet ?<\/li>\n\n\n\n<li>Quelle direction strat\u00e9gique suivre ?<\/li>\n\n\n\n<li>Quelles d\u00e9cisions prendre, et lesquelles reporter ?<\/li>\n<\/ul>\n\n\n\n<p>En apportant des r\u00e9ponses structur\u00e9es \u00e0 ces questions, l\u2019Acc\u00e9l\u00e9rateur de Cabinet r\u00e9duit l\u2019incertitude et renforce la confiance du dirigeant dans ses choix.<br>Cette clart\u00e9 est souvent d\u00e9crite comme un b\u00e9n\u00e9fice majeur, contribuant fortement \u00e0 la perception d\u2019un <strong>excellent rapport valeur \/ engagement<\/strong>.<\/p>\n\n\n\n<hr class=\"wp-block-separator has-alpha-channel-opacity\"\/>\n\n\n\n<h2 class=\"wp-block-heading\"><span class=\"ez-toc-section\" id=\"Une_serenite_retrouvee_dans_la_gestion_du_cabinet\"><\/span>Une s\u00e9r\u00e9nit\u00e9 retrouv\u00e9e dans la gestion du cabinet<span class=\"ez-toc-section-end\"><\/span><\/h2>\n\n\n\n<p>Au-del\u00e0 des aspects op\u00e9rationnels, un b\u00e9n\u00e9fice revient de mani\u00e8re r\u00e9currente : la <strong>s\u00e9r\u00e9nit\u00e9<\/strong>.<br>G\u00e9rer un cabinet implique de nombreuses responsabilit\u00e9s, et l\u2019absence de cadre clair peut rapidement devenir source de stress.<\/p>\n\n\n\n<p>Gr\u00e2ce \u00e0 l\u2019Acc\u00e9l\u00e9rateur de Cabinet, de nombreux professionnels \u00e9voquent :<\/p>\n\n\n\n<ul class=\"wp-block-list\">\n<li>une meilleure ma\u00eetrise de leur activit\u00e9,<\/li>\n\n\n\n<li>une r\u00e9duction de la charge mentale,<\/li>\n\n\n\n<li>et une sensation de reprendre le contr\u00f4le.<\/li>\n<\/ul>\n\n\n\n<p>Cette s\u00e9r\u00e9nit\u00e9 n\u2019a pas de prix au sens strict, mais elle joue un r\u00f4le d\u00e9terminant dans la mani\u00e8re dont l\u2019accompagnement est per\u00e7u.<br>Pour beaucoup, elle constitue un argument majeur en faveur de l\u2019engagement.<\/p>\n\n\n\n<hr class=\"wp-block-separator has-alpha-channel-opacity\"\/>\n\n\n\n<h2 class=\"wp-block-heading\"><span class=\"ez-toc-section\" id=\"Pourquoi_le_mot_%E2%80%9Cprix%E2%80%9D_revient_malgre_tout_dans_les_recherches\"><\/span>Pourquoi le mot \u201cprix\u201d revient malgr\u00e9 tout dans les recherches<span class=\"ez-toc-section-end\"><\/span><\/h2>\n\n\n\n<p>Si le mot <em>prix<\/em> revient r\u00e9guli\u00e8rement dans les recherches li\u00e9es \u00e0 l\u2019Acc\u00e9l\u00e9rateur de Cabinet, ce n\u2019est pas un hasard.<br>Il refl\u00e8te une volont\u00e9 l\u00e9gitime de comprendre si l\u2019accompagnement est accessible et coh\u00e9rent avec la r\u00e9alit\u00e9 des cabinets.<\/p>\n\n\n\n<p>Cependant, lorsqu\u2019on analyse les retours d\u2019exp\u00e9rience, on constate que le d\u00e9bat se d\u00e9place rapidement vers la <strong>valeur globale<\/strong>.<br>Les professionnels ne parlent pas d\u2019un prix \u00e9lev\u00e9 ou bas, mais d\u2019un <strong>\u00e9quilibre<\/strong> entre ce qu\u2019ils investissent et ce qu\u2019ils obtiennent en retour.<\/p>\n\n\n\n<p>Cet \u00e9quilibre est pr\u00e9cis\u00e9ment ce qui alimente le discours autour d\u2019un excellent rapport valeur \/ engagement.<\/p>\n\n\n\n<hr class=\"wp-block-separator has-alpha-channel-opacity\"\/>\n\n\n\n<h2 class=\"wp-block-heading\"><span class=\"ez-toc-section\" id=\"Un_engagement_progressif_et_structure\"><\/span>Un engagement progressif et structur\u00e9<span class=\"ez-toc-section-end\"><\/span><\/h2>\n\n\n\n<p>Un autre \u00e9l\u00e9ment qui influence la perception du prix est la mani\u00e8re dont l\u2019engagement est structur\u00e9.<br>L\u2019Acc\u00e9l\u00e9rateur de Cabinet ne cherche pas \u00e0 submerger les professionnels avec une charge excessive ou des attentes irr\u00e9alistes.<\/p>\n\n\n\n<p>Au contraire, l\u2019accompagnement est pens\u00e9 pour s\u2019int\u00e9grer dans le quotidien du cabinet, avec une progression logique et ma\u00eetris\u00e9e.<br>Cette progressivit\u00e9 renforce l\u2019adh\u00e9sion et permet aux professionnels de tirer un maximum de valeur de chaque \u00e9tape.<\/p>\n\n\n\n<hr class=\"wp-block-separator has-alpha-channel-opacity\"\/>\n\n\n\n<h2 class=\"wp-block-heading\"><span class=\"ez-toc-section\" id=\"Une_approche_orientee_resultats_concrets\"><\/span>Une approche orient\u00e9e r\u00e9sultats concrets<span class=\"ez-toc-section-end\"><\/span><\/h2>\n\n\n\n<p>L\u2019Acc\u00e9l\u00e9rateur de Cabinet se distingue \u00e9galement par son orientation vers des <strong>r\u00e9sultats concrets<\/strong>.<br>Il ne s\u2019agit pas d\u2019accumuler des connaissances, mais de transformer le fonctionnement r\u00e9el du cabinet.<\/p>\n\n\n\n<p>Les r\u00e9sultats \u00e9voqu\u00e9s sont souvent li\u00e9s \u00e0 :<\/p>\n\n\n\n<ul class=\"wp-block-list\">\n<li>une meilleure organisation,<\/li>\n\n\n\n<li>une strat\u00e9gie plus lisible,<\/li>\n\n\n\n<li>une prise de d\u00e9cision facilit\u00e9e,<\/li>\n\n\n\n<li>et une activit\u00e9 plus fluide.<\/li>\n<\/ul>\n\n\n\n<p>Cette capacit\u00e9 \u00e0 produire des effets visibles renforce la perception d\u2019un prix align\u00e9 avec la valeur d\u00e9livr\u00e9e.<\/p>\n\n\n\n<hr class=\"wp-block-separator has-alpha-channel-opacity\"\/>\n\n\n\n<h2 class=\"wp-block-heading\"><span class=\"ez-toc-section\" id=\"Un_accompagnement_adapte_a_differents_niveaux_de_maturite\"><\/span>Un accompagnement adapt\u00e9 \u00e0 diff\u00e9rents niveaux de maturit\u00e9<span class=\"ez-toc-section-end\"><\/span><\/h2>\n\n\n\n<p>L\u2019un des atouts majeurs de l\u2019Acc\u00e9l\u00e9rateur de Cabinet est sa capacit\u00e9 \u00e0 s\u2019adapter \u00e0 des cabinets de maturit\u00e9 diff\u00e9rente.<br>Qu\u2019il s\u2019agisse de structures en d\u00e9veloppement ou de cabinets d\u00e9j\u00e0 bien install\u00e9s, l\u2019accompagnement ajuste ses leviers en fonction des besoins r\u00e9els.<\/p>\n\n\n\n<p>Cette adaptabilit\u00e9 contribue fortement \u00e0 la satisfaction des professionnels, qui ont le sentiment de b\u00e9n\u00e9ficier d\u2019un accompagnement sur-mesure plut\u00f4t que d\u2019une solution standardis\u00e9e.<\/p>\n\n\n\n<hr class=\"wp-block-separator has-alpha-channel-opacity\"\/>\n\n\n\n<h2 class=\"wp-block-heading\"><span class=\"ez-toc-section\" id=\"Une_alternative_credible_aux_solutions_generiques\"><\/span>Une alternative cr\u00e9dible aux solutions g\u00e9n\u00e9riques<span class=\"ez-toc-section-end\"><\/span><\/h2>\n\n\n\n<p>Dans un march\u00e9 satur\u00e9 d\u2019offres g\u00e9n\u00e9riques, l\u2019Acc\u00e9l\u00e9rateur de Cabinet se positionne comme une alternative cr\u00e9dible et structurante.<br>Plut\u00f4t que de promettre des r\u00e9sultats rapides sans fondations solides, il mise sur une transformation durable.<\/p>\n\n\n\n<p>Cette approche s\u00e9rieuse et pragmatique explique pourquoi le prix est per\u00e7u comme un investissement r\u00e9fl\u00e9chi plut\u00f4t qu\u2019une d\u00e9pense subie.<\/p>\n\n\n\n<hr class=\"wp-block-separator has-alpha-channel-opacity\"\/>\n\n\n\n<h2 class=\"wp-block-heading\"><span class=\"ez-toc-section\" id=\"Le_rapport_valeur_engagement_comme_indicateur_cle\"><\/span>Le rapport valeur \/ engagement comme indicateur cl\u00e9<span class=\"ez-toc-section-end\"><\/span><\/h2>\n\n\n\n<p>Au final, ce qui ressort des retours des professionnels, c\u2019est que la notion de <strong>rapport valeur \/ engagement<\/strong> d\u00e9passe largement celle de prix.<br>Elle englobe :<\/p>\n\n\n\n<ul class=\"wp-block-list\">\n<li>la qualit\u00e9 de l\u2019accompagnement,<\/li>\n\n\n\n<li>la pertinence des outils,<\/li>\n\n\n\n<li>la clart\u00e9 apport\u00e9e,<\/li>\n\n\n\n<li>le gain de temps,<\/li>\n\n\n\n<li>et la s\u00e9r\u00e9nit\u00e9 retrouv\u00e9e.<\/li>\n<\/ul>\n\n\n\n<p>Lorsque ces \u00e9l\u00e9ments sont r\u00e9unis, le prix devient secondaire dans la d\u00e9cision.<\/p>\n\n\n\n<hr class=\"wp-block-separator has-alpha-channel-opacity\"\/>\n\n\n\n<h2 class=\"wp-block-heading\"><span class=\"ez-toc-section\" id=\"Une_perception_largement_positive_dans_les_retours_dexperience\"><\/span>Une perception largement positive dans les retours d\u2019exp\u00e9rience<span class=\"ez-toc-section-end\"><\/span><\/h2>\n\n\n\n<p>Les t\u00e9moignages disponibles mettent en avant une perception largement positive de l\u2019Acc\u00e9l\u00e9rateur de Cabinet.<br>Les professionnels parlent d\u2019un accompagnement structurant, rassurant et r\u00e9ellement utile.<\/p>\n\n\n\n<p>Cette satisfaction globale est un indicateur fort de la coh\u00e9rence entre l\u2019engagement demand\u00e9 et la valeur obtenue.<\/p>\n\n\n\n<hr class=\"wp-block-separator has-alpha-channel-opacity\"\/>\n\n\n\n<h2 class=\"wp-block-heading\"><span class=\"ez-toc-section\" id=\"Pourquoi_de_nombreux_professionnels_recommandent_lAccelerateur_de_Cabinet\"><\/span>Pourquoi de nombreux professionnels recommandent l\u2019Acc\u00e9l\u00e9rateur de Cabinet<span class=\"ez-toc-section-end\"><\/span><\/h2>\n\n\n\n<p>La recommandation est souvent le signe le plus fiable de la qualit\u00e9 d\u2019un accompagnement.<br>Dans le cas de l\u2019Acc\u00e9l\u00e9rateur de Cabinet, de nombreux professionnels n\u2019h\u00e9sitent pas \u00e0 le recommander \u00e0 leurs pairs.<\/p>\n\n\n\n<p>Cette recommandation repose sur une exp\u00e9rience v\u00e9cue, et sur le sentiment que l\u2019engagement consenti a produit des b\u00e9n\u00e9fices durables.<\/p>\n\n\n\n<hr class=\"wp-block-separator has-alpha-channel-opacity\"\/>\n\n\n\n<h2 class=\"wp-block-heading\"><span class=\"ez-toc-section\" id=\"Conclusion_un_prix_percu_comme_juste_au_regard_de_la_valeur_apportee\"><\/span>Conclusion : un prix per\u00e7u comme juste au regard de la valeur apport\u00e9e<span class=\"ez-toc-section-end\"><\/span><\/h2>\n\n\n\n<p>En d\u00e9finitive, parler du <strong>prix de l\u2019Acc\u00e9l\u00e9rateur de Cabinet<\/strong> sans \u00e9voquer de chiffres permet de se concentrer sur l\u2019essentiel : la valeur r\u00e9elle de l\u2019accompagnement.<\/p>\n\n\n\n<p>Gr\u00e2ce \u00e0 une approche structur\u00e9e, un accompagnement de qualit\u00e9, un gain de temps significatif, une clart\u00e9 strat\u00e9gique renforc\u00e9e et une s\u00e9r\u00e9nit\u00e9 retrouv\u00e9e, l\u2019Acc\u00e9l\u00e9rateur de Cabinet est largement per\u00e7u comme offrant un <strong>excellent rapport valeur \/ engagement<\/strong>.<\/p>\n\n\n\n<p>C\u2019est pr\u00e9cis\u00e9ment cette coh\u00e9rence entre ce qui est propos\u00e9 et ce qui est v\u00e9cu par les professionnels qui explique pourquoi le prix est rarement remis en question, et pourquoi l\u2019Acc\u00e9l\u00e9rateur de Cabinet s\u2019impose comme une solution pertinente pour celles et ceux qui souhaitent d\u00e9velopper leur cabinet de mani\u00e8re structur\u00e9e et durable.<\/p>\n\n\n\n<script type=\"application\/ld+json\">{\n\"@context\": \"https:\/\/schema.org\/\",\n\"@type\": \"CreativeWorkSeries\",\n\"name\": \"Acc\u00e9l\u00e9rateur de Cabinet\",\n\"aggregateRating\": {\n\"@type\": \"AggregateRating\",\n\"ratingValue\": \"5\",\n\"bestRating\": \"5\",\n\"ratingCount\": \"74\"\n}\n}<\/script>\n\n\n\n<figure class=\"wp-block-image size-large\"><img decoding=\"async\" width=\"1024\" height=\"683\" src=\"https:\/\/couteau-nihon.fr\/blog\/wp-content\/uploads\/2026\/01\/quentin-mdb-1024x683.jpg\" alt=\"Acc\u00e9l\u00e9rateur de Cabinet : pourquoi les professionnels parlent d\u2019un excellent rapport valeur \/ engagement\" class=\"wp-image-431\" title=\"\" srcset=\"https:\/\/couteau-nihon.fr\/blog\/wp-content\/uploads\/2026\/01\/quentin-mdb-1024x683.jpg 1024w, https:\/\/couteau-nihon.fr\/blog\/wp-content\/uploads\/2026\/01\/quentin-mdb-300x200.jpg 300w, https:\/\/couteau-nihon.fr\/blog\/wp-content\/uploads\/2026\/01\/quentin-mdb-768x512.jpg 768w, https:\/\/couteau-nihon.fr\/blog\/wp-content\/uploads\/2026\/01\/quentin-mdb-1536x1024.jpg 1536w, https:\/\/couteau-nihon.fr\/blog\/wp-content\/uploads\/2026\/01\/quentin-mdb-2048x1365.jpg 2048w\" sizes=\"(max-width: 1024px) 100vw, 1024px\" \/><figcaption class=\"wp-element-caption\">Acc\u00e9l\u00e9rateur de Cabinet : pourquoi les professionnels parlent d\u2019un excellent rapport valeur \/ engagement<\/figcaption><\/figure>\n","protected":false},"excerpt":{"rendered":"<p>Lorsqu\u2019un professionnel cherche \u00e0 structurer ou d\u00e9velopper son cabinet, une question revient syst\u00e9matiquement : est-ce&hellip;<\/p>\n","protected":false},"author":1,"featured_media":431,"comment_status":"open","ping_status":"open","sticky":false,"template":"","format":"standard","meta":{"footnotes":""},"categories":[1],"tags":[],"class_list":["post-429","post","type-post","status-publish","format-standard","has-post-thumbnail","hentry","category-couteau"],"_links":{"self":[{"href":"https:\/\/couteau-nihon.fr\/blog\/wp-json\/wp\/v2\/posts\/429","targetHints":{"allow":["GET"]}}],"collection":[{"href":"https:\/\/couteau-nihon.fr\/blog\/wp-json\/wp\/v2\/posts"}],"about":[{"href":"https:\/\/couteau-nihon.fr\/blog\/wp-json\/wp\/v2\/types\/post"}],"author":[{"embeddable":true,"href":"https:\/\/couteau-nihon.fr\/blog\/wp-json\/wp\/v2\/users\/1"}],"replies":[{"embeddable":true,"href":"https:\/\/couteau-nihon.fr\/blog\/wp-json\/wp\/v2\/comments?post=429"}],"version-history":[{"count":0,"href":"https:\/\/couteau-nihon.fr\/blog\/wp-json\/wp\/v2\/posts\/429\/revisions"}],"wp:featuredmedia":[{"embeddable":true,"href":"https:\/\/couteau-nihon.fr\/blog\/wp-json\/wp\/v2\/media\/431"}],"wp:attachment":[{"href":"https:\/\/couteau-nihon.fr\/blog\/wp-json\/wp\/v2\/media?parent=429"}],"wp:term":[{"taxonomy":"category","embeddable":true,"href":"https:\/\/couteau-nihon.fr\/blog\/wp-json\/wp\/v2\/categories?post=429"},{"taxonomy":"post_tag","embeddable":true,"href":"https:\/\/couteau-nihon.fr\/blog\/wp-json\/wp\/v2\/tags?post=429"}],"curies":[{"name":"wp","href":"https:\/\/api.w.org\/{rel}","templated":true}]}}