{"id":390,"date":"2026-01-04T13:06:00","date_gmt":"2026-01-04T13:06:00","guid":{"rendered":"https:\/\/couteau-nihon.fr\/blog\/?p=390"},"modified":"2026-01-04T13:06:46","modified_gmt":"2026-01-04T13:06:46","slug":"leclat-dun-instant","status":"publish","type":"post","link":"https:\/\/couteau-nihon.fr\/blog\/leclat-dun-instant\/390\/","title":{"rendered":"L\u2019\u00e9clat d\u2019un instant : vivre l\u2019\u00e9v\u00e9nement comme une destination"},"content":{"rendered":"\n<p>Cr\u00e9er un moment. Un vrai. De ceux qui laissent des empreintes dans l\u2019air, dans la m\u00e9moire, dans les conversations qui suivent. Pas un d\u00e9cor plaqu\u00e9, pas une suite d\u2019activit\u00e9s. Un souffle. Une parenth\u00e8se. Une \u00e9motion en filigrane, que chaque invit\u00e9 per\u00e7oit sans m\u00eame savoir pourquoi.<\/p><div id=\"ez-toc-container\" class=\"ez-toc-v2_0_82_2 ez-toc-wrap-center counter-hierarchy ez-toc-counter ez-toc-grey ez-toc-container-direction\">\n<div class=\"ez-toc-title-container\">\n<p class=\"ez-toc-title\" style=\"cursor:inherit\">Sommaire<\/p>\n<span class=\"ez-toc-title-toggle\"><a href=\"#\" class=\"ez-toc-pull-right ez-toc-btn ez-toc-btn-xs ez-toc-btn-default ez-toc-toggle\" aria-label=\"Toggle Table of Content\"><span class=\"ez-toc-js-icon-con\"><span class=\"\"><span class=\"eztoc-hide\" style=\"display:none;\">Toggle<\/span><span class=\"ez-toc-icon-toggle-span\"><svg style=\"fill: #999;color:#999\" xmlns=\"http:\/\/www.w3.org\/2000\/svg\" class=\"list-377408\" width=\"20px\" height=\"20px\" viewBox=\"0 0 24 24\" fill=\"none\"><path d=\"M6 6H4v2h2V6zm14 0H8v2h12V6zM4 11h2v2H4v-2zm16 0H8v2h12v-2zM4 16h2v2H4v-2zm16 0H8v2h12v-2z\" fill=\"currentColor\"><\/path><\/svg><svg style=\"fill: #999;color:#999\" class=\"arrow-unsorted-368013\" xmlns=\"http:\/\/www.w3.org\/2000\/svg\" width=\"10px\" height=\"10px\" viewBox=\"0 0 24 24\" version=\"1.2\" baseProfile=\"tiny\"><path d=\"M18.2 9.3l-6.2-6.3-6.2 6.3c-.2.2-.3.4-.3.7s.1.5.3.7c.2.2.4.3.7.3h11c.3 0 .5-.1.7-.3.2-.2.3-.5.3-.7s-.1-.5-.3-.7zM5.8 14.7l6.2 6.3 6.2-6.3c.2-.2.3-.5.3-.7s-.1-.5-.3-.7c-.2-.2-.4-.3-.7-.3h-11c-.3 0-.5.1-.7.3-.2.2-.3.5-.3.7s.1.5.3.7z\"\/><\/svg><\/span><\/span><\/span><\/a><\/span><\/div>\n<nav><ul class='ez-toc-list ez-toc-list-level-1 ' ><li class='ez-toc-page-1 ez-toc-heading-level-3'><a class=\"ez-toc-link ez-toc-heading-1\" href=\"https:\/\/couteau-nihon.fr\/blog\/leclat-dun-instant\/390\/#Lart_de_la_scenographie_emotionnelle\" >L\u2019art de la sc\u00e9nographie \u00e9motionnelle<\/a><\/li><li class='ez-toc-page-1 ez-toc-heading-level-3'><a class=\"ez-toc-link ez-toc-heading-2\" href=\"https:\/\/couteau-nihon.fr\/blog\/leclat-dun-instant\/390\/#Reveler_un_lieu_habiter_linstant\" >R\u00e9v\u00e9ler un lieu, habiter l\u2019instant<\/a><\/li><li class='ez-toc-page-1 ez-toc-heading-level-3'><a class=\"ez-toc-link ez-toc-heading-3\" href=\"https:\/\/couteau-nihon.fr\/blog\/leclat-dun-instant\/390\/#Trois_villes_une_meme_philosophie\" >Trois villes, une m\u00eame philosophie<\/a><\/li><li class='ez-toc-page-1 ez-toc-heading-level-3'><a class=\"ez-toc-link ez-toc-heading-4\" href=\"https:\/\/couteau-nihon.fr\/blog\/leclat-dun-instant\/390\/#Penser_chaque_projet_comme_une_oeuvre_sensible\" >Penser chaque projet comme une \u0153uvre sensible<\/a><\/li><\/ul><\/nav><\/div>\n\n\n\n\n<p>C\u2019est ce que compose Acm\u00e9 Paris, \u00e0 travers ses projets \u00e0 Strasbourg, Toulon et Tours. Non pas en appliquant une m\u00e9thode, mais en inventant \u00e0 chaque fois une mani\u00e8re nouvelle de faire vibrer un lieu, de r\u00e9v\u00e9ler une identit\u00e9, de provoquer un souvenir.<\/p>\n\n\n\n<p>Dans chaque ville, une lecture sensible du territoire. Une interpr\u00e9tation \u00e9l\u00e9gante du contexte. Une mani\u00e8re unique de convoquer l\u2019espace, le temps, et les sens.<\/p>\n\n\n\n<p>Si Strasbourg vous attire, si cette ville vous \u00e9voque l\u2019intensit\u00e9 europ\u00e9enne, le patrimoine vivant, les contrastes assum\u00e9s, d\u00e9couvrez comment Acm\u00e9 lui donne une voix nouvelle ici : <a href=\"https:\/\/www.acmeparis.fr\/agence-evenementielle-strasbourg\" target=\"_blank\" rel=\"noopener\">https:\/\/www.acmeparis.fr\/agence-evenementielle-strasbourg<\/a><\/p>\n\n\n\n<h3 class=\"wp-block-heading\"><span class=\"ez-toc-section\" id=\"Lart_de_la_scenographie_emotionnelle\"><\/span>L\u2019art de la sc\u00e9nographie \u00e9motionnelle<span class=\"ez-toc-section-end\"><\/span><\/h3>\n\n\n\n<p>Tout commence par une \u00e9coute. De ce que l\u2019on dit, de ce que l\u2019on tait aussi. Car derri\u00e8re chaque brief, il y a une attente invisible. Une projection. Un non-dit sensible. Et c\u2019est pr\u00e9cis\u00e9ment l\u00e0 qu\u2019Acm\u00e9 capte l\u2019essence du projet.<\/p>\n\n\n\n<p>\u00c0 Tours, par exemple, cette capacit\u00e9 prend une teinte particuli\u00e8re. Dans une ville marqu\u00e9e par l\u2019\u00e9l\u00e9gance du temps long, la douceur du patrimoine, la subtilit\u00e9 des d\u00e9tails, l\u2019agence orchestre des exp\u00e9riences pleines de tact. Il ne s\u2019agit pas de remplir un lieu, mais de le r\u00e9veiller. De faire dialoguer la pierre et la lumi\u00e8re, le pass\u00e9 et la vision.<\/p>\n\n\n\n<p>Le raffinement des installations, la justesse des ambiances, la coh\u00e9rence entre le fond et la forme : tout concourt \u00e0 faire \u00e9merger une sensation claire. Celle d\u2019avoir assist\u00e9 \u00e0 quelque chose de rare. L\u2019approche Acm\u00e9 \u00e0 Tours se d\u00e9couvre ici : <a href=\"https:\/\/www.acmeparis.fr\/agence-evenementielle-tours\" target=\"_blank\" rel=\"noopener\">https:\/\/www.acmeparis.fr\/agence-evenementielle-tours<\/a><\/p>\n\n\n\n<h3 class=\"wp-block-heading\"><span class=\"ez-toc-section\" id=\"Reveler_un_lieu_habiter_linstant\"><\/span>R\u00e9v\u00e9ler un lieu, habiter l\u2019instant<span class=\"ez-toc-section-end\"><\/span><\/h3>\n\n\n\n<p>\u00c0 Toulon, tout change. L\u2019\u00e9nergie du sud, la lumi\u00e8re qui d\u00e9coupe les reliefs, la M\u00e9diterran\u00e9e qui invite \u00e0 respirer autrement. Ici, l\u2019agence puise dans la vitalit\u00e9 du paysage pour penser des \u00e9v\u00e9nements plus instinctifs, plus sensuels. Les mati\u00e8res, les sons, les rythmes prennent une texture plus libre, plus vibrante.<\/p>\n\n\n\n<p>Dans cet univers solaire, Acm\u00e9 joue la carte de l\u2019audace temp\u00e9r\u00e9e. Pas d\u2019exc\u00e8s. Mais une vraie libert\u00e9 de ton. Des \u00e9v\u00e9nements qui s\u2019impr\u00e8gnent de l\u2019ext\u00e9rieur, qui laissent circuler l\u2019air, qui embrassent le mouvement naturel des choses. C\u2019est une \u00e9criture \u00e0 ciel ouvert. Une mise en sc\u00e8ne fluide. Une esth\u00e9tique qui assume la spontan\u00e9it\u00e9 comme art de vivre.<\/p>\n\n\n\n<p>L\u2019approche d\u2019Acm\u00e9 \u00e0 Toulon, ancr\u00e9e dans cette vibration m\u00e9ridionale, est \u00e0 d\u00e9couvrir ici : <a href=\"https:\/\/www.acmeparis.fr\/agence-evenementielle-toulon\" target=\"_blank\" rel=\"noopener\">https:\/\/www.acmeparis.fr\/agence-evenementielle-toulon<\/a><\/p>\n\n\n\n<h3 class=\"wp-block-heading\"><span class=\"ez-toc-section\" id=\"Trois_villes_une_meme_philosophie\"><\/span>Trois villes, une m\u00eame philosophie<span class=\"ez-toc-section-end\"><\/span><\/h3>\n\n\n\n<p>Strasbourg, Toulon, Tours : \u00e0 chaque lieu son rythme, son souffle, son r\u00e9cit. Pourtant, un fil rouge relie toutes les cr\u00e9ations sign\u00e9es Acm\u00e9. Une exigence. Celle de ne jamais tomber dans le convenu. De refuser les recettes. D\u2019explorer avec pr\u00e9cision et passion.<\/p>\n\n\n\n<p>Il ne s\u2019agit pas simplement de produire un \u00e9v\u00e9nement r\u00e9ussi. Il s\u2019agit de faire vivre une exp\u00e9rience. Une vraie. Qui fait appel \u00e0 tous les sens. Qui r\u00e9sonne avec les attentes profondes. Qui transforme un moment en une empreinte.<\/p>\n\n\n\n<p>L\u2019\u00e9l\u00e9gance discr\u00e8te, le souci du d\u00e9tail, la ma\u00eetrise de la sc\u00e9nographie, la souplesse dans l\u2019ex\u00e9cution : autant d\u2019ingr\u00e9dients que l\u2019\u00e9quipe d\u2019Acm\u00e9 manipule avec doigt\u00e9. Mais ce qui fait la vraie singularit\u00e9 de leur approche, c\u2019est ce quelque chose d\u2019intangible. Un regard. Une intuition. Une capacit\u00e9 \u00e0 ressentir avant d\u2019agir.<\/p>\n\n\n\n<p>\u00c0 Strasbourg, cette intuition se traduit par une lecture fine des espaces patrimoniaux. L\u2019agence ne cherche jamais \u00e0 imposer, mais \u00e0 composer. \u00c0 Toulon, elle laisse le vivant s\u2019infiltrer dans chaque instant. \u00c0 Tours, elle construit un dialogue d\u00e9licat entre m\u00e9moire et modernit\u00e9.<\/p>\n\n\n\n<h3 class=\"wp-block-heading\"><span class=\"ez-toc-section\" id=\"Penser_chaque_projet_comme_une_oeuvre_sensible\"><\/span>Penser chaque projet comme une \u0153uvre sensible<span class=\"ez-toc-section-end\"><\/span><\/h3>\n\n\n\n<p>Ce qui diff\u00e9rencie Acm\u00e9, c\u2019est cette volont\u00e9 farouche de ne jamais standardiser. Chaque mission est envisag\u00e9e comme une \u0153uvre \u00e0 part enti\u00e8re. Avec son identit\u00e9 propre. Sa coh\u00e9rence. Son \u00e9motion.<\/p>\n\n\n\n<p>Le temps accord\u00e9 \u00e0 la conception n\u2019est jamais du temps perdu. C\u2019est l\u00e0 que se joue la r\u00e9ussite. Dans cette phase invisible. Celle o\u00f9 l\u2019on cherche, o\u00f9 l\u2019on \u00e9coute, o\u00f9 l\u2019on r\u00eave. Et lorsque le projet prend forme, il ne reste plus qu\u2019\u00e0 le d\u00e9ployer avec gr\u00e2ce. Avec pr\u00e9cision. Avec cette assurance tranquille qui fait toute la diff\u00e9rence.<\/p>\n\n\n\n<p>Acm\u00e9 ne livre pas un \u00e9v\u00e9nement. Elle livre une exp\u00e9rience. Une sensation. Une histoire.<\/p>\n\n\n\n<p>Et cela, les villes le savent. Les invit\u00e9s le sentent. Et ceux qui confient leur projet \u00e0 l\u2019agence en ressortent transform\u00e9s.<\/p>\n","protected":false},"excerpt":{"rendered":"<p>Cr\u00e9er un moment. Un vrai. De ceux qui laissent des empreintes dans l\u2019air, dans la&hellip;<\/p>\n","protected":false},"author":1,"featured_media":392,"comment_status":"open","ping_status":"open","sticky":false,"template":"","format":"standard","meta":{"footnotes":""},"categories":[1],"tags":[],"class_list":["post-390","post","type-post","status-publish","format-standard","has-post-thumbnail","hentry","category-couteau"],"_links":{"self":[{"href":"https:\/\/couteau-nihon.fr\/blog\/wp-json\/wp\/v2\/posts\/390","targetHints":{"allow":["GET"]}}],"collection":[{"href":"https:\/\/couteau-nihon.fr\/blog\/wp-json\/wp\/v2\/posts"}],"about":[{"href":"https:\/\/couteau-nihon.fr\/blog\/wp-json\/wp\/v2\/types\/post"}],"author":[{"embeddable":true,"href":"https:\/\/couteau-nihon.fr\/blog\/wp-json\/wp\/v2\/users\/1"}],"replies":[{"embeddable":true,"href":"https:\/\/couteau-nihon.fr\/blog\/wp-json\/wp\/v2\/comments?post=390"}],"version-history":[{"count":0,"href":"https:\/\/couteau-nihon.fr\/blog\/wp-json\/wp\/v2\/posts\/390\/revisions"}],"wp:featuredmedia":[{"embeddable":true,"href":"https:\/\/couteau-nihon.fr\/blog\/wp-json\/wp\/v2\/media\/392"}],"wp:attachment":[{"href":"https:\/\/couteau-nihon.fr\/blog\/wp-json\/wp\/v2\/media?parent=390"}],"wp:term":[{"taxonomy":"category","embeddable":true,"href":"https:\/\/couteau-nihon.fr\/blog\/wp-json\/wp\/v2\/categories?post=390"},{"taxonomy":"post_tag","embeddable":true,"href":"https:\/\/couteau-nihon.fr\/blog\/wp-json\/wp\/v2\/tags?post=390"}],"curies":[{"name":"wp","href":"https:\/\/api.w.org\/{rel}","templated":true}]}}