{"id":249,"date":"2025-09-08T14:07:22","date_gmt":"2025-09-08T14:07:22","guid":{"rendered":"https:\/\/couteau-nihon.fr\/blog\/?p=249"},"modified":"2025-09-08T14:07:24","modified_gmt":"2025-09-08T14:07:24","slug":"bilan-mensuel-aout-2025","status":"publish","type":"post","link":"https:\/\/couteau-nihon.fr\/blog\/bilan-mensuel-aout-2025\/249\/","title":{"rendered":"Bilan Mensuel Ao\u00fbt 2025"},"content":{"rendered":"\n<h3 class=\"wp-block-heading\"><span class=\"ez-toc-section\" id=\"La_valeur_strategique_du_bilan_mensuel\"><\/span><strong>La valeur strat\u00e9gique du bilan mensuel<\/strong><span class=\"ez-toc-section-end\"><\/span><\/h3>\n\n\n\n<p>Dans un environnement entrepreneurial en constante \u00e9volution, la pratique r\u00e9guli\u00e8re du bilan mensuel s&rsquo;impose comme un exercice indispensable. Loin d&rsquo;\u00eatre une simple revue comptable, cette d\u00e9marche offre un cadre structur\u00e9 pour \u00e9valuer les performances, identifier les tendances et ajuster sa trajectoire strat\u00e9gique. Le mois d&rsquo;ao\u00fbt 2025 s&rsquo;est r\u00e9v\u00e9l\u00e9 particuli\u00e8rement instructif \u00e0 cet \u00e9gard, et je partage ici une analyse compl\u00e8te de ces trente jours d&rsquo;activit\u00e9.<\/p><div id=\"ez-toc-container\" class=\"ez-toc-v2_0_82_2 ez-toc-wrap-center counter-hierarchy ez-toc-counter ez-toc-grey ez-toc-container-direction\">\n<div class=\"ez-toc-title-container\">\n<p class=\"ez-toc-title\" style=\"cursor:inherit\">Sommaire<\/p>\n<span class=\"ez-toc-title-toggle\"><a href=\"#\" class=\"ez-toc-pull-right ez-toc-btn ez-toc-btn-xs ez-toc-btn-default ez-toc-toggle\" aria-label=\"Toggle Table of Content\"><span class=\"ez-toc-js-icon-con\"><span class=\"\"><span class=\"eztoc-hide\" style=\"display:none;\">Toggle<\/span><span class=\"ez-toc-icon-toggle-span\"><svg style=\"fill: #999;color:#999\" xmlns=\"http:\/\/www.w3.org\/2000\/svg\" class=\"list-377408\" width=\"20px\" height=\"20px\" viewBox=\"0 0 24 24\" fill=\"none\"><path d=\"M6 6H4v2h2V6zm14 0H8v2h12V6zM4 11h2v2H4v-2zm16 0H8v2h12v-2zM4 16h2v2H4v-2zm16 0H8v2h12v-2z\" fill=\"currentColor\"><\/path><\/svg><svg style=\"fill: #999;color:#999\" class=\"arrow-unsorted-368013\" xmlns=\"http:\/\/www.w3.org\/2000\/svg\" width=\"10px\" height=\"10px\" viewBox=\"0 0 24 24\" version=\"1.2\" baseProfile=\"tiny\"><path d=\"M18.2 9.3l-6.2-6.3-6.2 6.3c-.2.2-.3.4-.3.7s.1.5.3.7c.2.2.4.3.7.3h11c.3 0 .5-.1.7-.3.2-.2.3-.5.3-.7s-.1-.5-.3-.7zM5.8 14.7l6.2 6.3 6.2-6.3c.2-.2.3-.5.3-.7s-.1-.5-.3-.7c-.2-.2-.4-.3-.7-.3h-11c-.3 0-.5.1-.7.3-.2.2-.3.5-.3.7s.1.5.3.7z\"\/><\/svg><\/span><\/span><\/span><\/a><\/span><\/div>\n<nav><ul class='ez-toc-list ez-toc-list-level-1 ' ><li class='ez-toc-page-1 ez-toc-heading-level-3'><a class=\"ez-toc-link ez-toc-heading-1\" href=\"https:\/\/couteau-nihon.fr\/blog\/bilan-mensuel-aout-2025\/249\/#La_valeur_strategique_du_bilan_mensuel\" >La valeur strat\u00e9gique du bilan mensuel<\/a><\/li><li class='ez-toc-page-1 ez-toc-heading-level-3'><a class=\"ez-toc-link ez-toc-heading-2\" href=\"https:\/\/couteau-nihon.fr\/blog\/bilan-mensuel-aout-2025\/249\/#Indicateurs_de_performance_une_croissance_multisectorielle\" >Indicateurs de performance : une croissance multisectorielle<\/a><\/li><li class='ez-toc-page-1 ez-toc-heading-level-3'><a class=\"ez-toc-link ez-toc-heading-3\" href=\"https:\/\/couteau-nihon.fr\/blog\/bilan-mensuel-aout-2025\/249\/#Principales_realisations_du_mois\" >Principales r\u00e9alisations du mois<\/a><\/li><li class='ez-toc-page-1 ez-toc-heading-level-3'><a class=\"ez-toc-link ez-toc-heading-4\" href=\"https:\/\/couteau-nihon.fr\/blog\/bilan-mensuel-aout-2025\/249\/#Difficultes_et_ajustements_operationnels\" >Difficult\u00e9s et ajustements op\u00e9rationnels<\/a><\/li><li class='ez-toc-page-1 ez-toc-heading-level-3'><a class=\"ez-toc-link ez-toc-heading-5\" href=\"https:\/\/couteau-nihon.fr\/blog\/bilan-mensuel-aout-2025\/249\/#Enseignements_strategiques\" >Enseignements strat\u00e9giques<\/a><\/li><li class='ez-toc-page-1 ez-toc-heading-level-3'><a class=\"ez-toc-link ez-toc-heading-6\" href=\"https:\/\/couteau-nihon.fr\/blog\/bilan-mensuel-aout-2025\/249\/#Feuille_de_route_strategique\" >Feuille de route strat\u00e9gique<\/a><\/li><li class='ez-toc-page-1 ez-toc-heading-level-3'><a class=\"ez-toc-link ez-toc-heading-7\" href=\"https:\/\/couteau-nihon.fr\/blog\/bilan-mensuel-aout-2025\/249\/#Equilibre_professionnel_et_personnel\" >\u00c9quilibre professionnel et personnel<\/a><\/li><li class='ez-toc-page-1 ez-toc-heading-level-3'><a class=\"ez-toc-link ez-toc-heading-8\" href=\"https:\/\/couteau-nihon.fr\/blog\/bilan-mensuel-aout-2025\/249\/#Synthese_et_perspectives\" >Synth\u00e8se et perspectives<\/a><\/li><\/ul><\/nav><\/div>\n\n\n\n\n<p><a href=\"https:\/\/www.youtube.com\/watch?v=bNEPIgxCcIY\" data-type=\"link\" data-id=\"https:\/\/www.youtube.com\/watch?v=bNEPIgxCcIY\" target=\"_blank\" rel=\"noopener\">D\u00e9couvrir la vid\u00e9o du bilan freelance du mois d&rsquo;aout<\/a><\/p>\n\n\n\n<hr class=\"wp-block-separator has-alpha-channel-opacity\"\/>\n\n\n\n<h3 class=\"wp-block-heading\"><span class=\"ez-toc-section\" id=\"Indicateurs_de_performance_une_croissance_multisectorielle\"><\/span><strong>Indicateurs de performance : une croissance multisectorielle<\/strong><span class=\"ez-toc-section-end\"><\/span><\/h3>\n\n\n\n<p>L&rsquo;analyse des donn\u00e9es chiffr\u00e9es d&rsquo;ao\u00fbt r\u00e9v\u00e8le une progression satisfaisante et une structure financi\u00e8re \u00e9quilibr\u00e9e :<\/p>\n\n\n\n<ul class=\"wp-block-list\">\n<li><strong>R\u00e9partition des revenus<\/strong>\u00a0: Prestations SEO (50%), formations en ligne (30%), e-commerce et partenariats (20%)<\/li>\n\n\n\n<li><strong>\u00c9volution mensuelle<\/strong>\u00a0: +X% par rapport \u00e0 juillet 2025<\/li>\n\n\n\n<li><strong>Marge nette<\/strong>\u00a0: Maintenue malgr\u00e9 l&rsquo;augmentation du volume d&rsquo;activit\u00e9<\/li>\n<\/ul>\n\n\n\n<p>Cette diversification des sources de revenus d\u00e9montre sa valeur en termes de stabilit\u00e9 et de r\u00e9silience business.<\/p>\n\n\n\n<hr class=\"wp-block-separator has-alpha-channel-opacity\"\/>\n\n\n\n<h3 class=\"wp-block-heading\"><span class=\"ez-toc-section\" id=\"Principales_realisations_du_mois\"><\/span><strong>Principales r\u00e9alisations du mois<\/strong><span class=\"ez-toc-section-end\"><\/span><\/h3>\n\n\n\n<p>Trois domaines ont particuli\u00e8rement contribu\u00e9 aux performances du mois :<\/p>\n\n\n\n<ol start=\"1\" class=\"wp-block-list\">\n<li><strong>Performance SEO renforc\u00e9e<\/strong><br>Le travail m\u00e9thodique de r\u00e9f\u00e9rencement naturel a g\u00e9n\u00e9r\u00e9 une augmentation notable du trafic organique pour les clients, se traduisant par de nouvelles acquisitions commerciales.<\/li>\n\n\n\n<li><strong>Expansion des formations digitales<\/strong><br>La plateforme <a class=\"wpil_keyword_link\" href=\"https:\/\/devsource.fr\/\" title=\"Devsource\" data-wpil-keyword-link=\"linked\" target=\"_blank\" rel=\"noopener\">Devsource<\/a> Academy a connu une croissance significative de son audience avec une augmentation des inscriptions et une engagement accru de la communaut\u00e9.<\/li>\n\n\n\n<li><strong>Consolidation du mod\u00e8le \u00e9conomique<\/strong><br>L&rsquo;\u00e9quilibre entre les diff\u00e9rentes activit\u00e9s confirme la viabilit\u00e9 du mod\u00e8le \u00e9conomique diversifi\u00e9 et sa capacit\u00e9 \u00e0 g\u00e9n\u00e9rer une croissance durable.<\/li>\n<\/ol>\n\n\n\n<figure class=\"wp-block-image size-large\"><img decoding=\"async\" width=\"1024\" height=\"576\" src=\"https:\/\/couteau-nihon.fr\/blog\/wp-content\/uploads\/2025\/09\/2BILAN-FREELANCE-MOIS-AOUT-YOUTUBE-1024x576.jpg\" alt=\"Bilan freelance du mois d&#039;aout\" class=\"wp-image-250\" title=\"\" srcset=\"https:\/\/couteau-nihon.fr\/blog\/wp-content\/uploads\/2025\/09\/2BILAN-FREELANCE-MOIS-AOUT-YOUTUBE-1024x576.jpg 1024w, https:\/\/couteau-nihon.fr\/blog\/wp-content\/uploads\/2025\/09\/2BILAN-FREELANCE-MOIS-AOUT-YOUTUBE-300x169.jpg 300w, https:\/\/couteau-nihon.fr\/blog\/wp-content\/uploads\/2025\/09\/2BILAN-FREELANCE-MOIS-AOUT-YOUTUBE-768x432.jpg 768w, https:\/\/couteau-nihon.fr\/blog\/wp-content\/uploads\/2025\/09\/2BILAN-FREELANCE-MOIS-AOUT-YOUTUBE.jpg 1280w\" sizes=\"(max-width: 1024px) 100vw, 1024px\" \/><figcaption class=\"wp-element-caption\">Bilan freelance du mois d&rsquo;aout<\/figcaption><\/figure>\n\n\n\n<h3 class=\"wp-block-heading\"><span class=\"ez-toc-section\" id=\"Difficultes_et_ajustements_operationnels\"><\/span><strong>Difficult\u00e9s et ajustements op\u00e9rationnels<\/strong><span class=\"ez-toc-section-end\"><\/span><\/h3>\n\n\n\n<p>Le mois n&rsquo;a pas \u00e9t\u00e9 exempt de d\u00e9fis, chacun apportant son lot d&rsquo;enseignements :<\/p>\n\n\n\n<ul class=\"wp-block-list\">\n<li><strong>Optimisation de la charge de travail<\/strong>\u00a0: La gestion simultan\u00e9e des projets clients, de la production de contenu et des fonctions op\u00e9rationnelles a requis une planification rigoureuse.<\/li>\n\n\n\n<li><strong>Ajustement des campagnes publicitaires<\/strong>\u00a0: Certaines initiatives publicitaires sur Meta ont n\u00e9cessit\u00e9 des r\u00e9visions en cours de d\u00e9ploiement pour atteindre leurs objectifs.<\/li>\n\n\n\n<li><strong>Maintenance de la productivit\u00e9 estivale<\/strong>\u00a0: Le maintien d&rsquo;un niveau d&rsquo;activit\u00e9 optimal durant la p\u00e9riode estivale a demand\u00e9 une discipline de travail renforc\u00e9e.<\/li>\n<\/ul>\n\n\n\n<p>Ces d\u00e9fis ont mis en lumi\u00e8re l&rsquo;importance des m\u00e9canismes d&rsquo;ajustement rapide.<\/p>\n\n\n\n<hr class=\"wp-block-separator has-alpha-channel-opacity\"\/>\n\n\n\n<h3 class=\"wp-block-heading\"><span class=\"ez-toc-section\" id=\"Enseignements_strategiques\"><\/span><strong>Enseignements strat\u00e9giques<\/strong><span class=\"ez-toc-section-end\"><\/span><\/h3>\n\n\n\n<p>Ao\u00fbt 2025 a permis de formaliser plusieurs principes directeurs :<\/p>\n\n\n\n<ol start=\"1\" class=\"wp-block-list\">\n<li><strong>La d\u00e9l\u00e9gation comme levier de croissance<\/strong><br>L&rsquo;externalisation de t\u00e2ches \u00e0 faible valeur ajout\u00e9e lib\u00e8re du temps pour les activit\u00e9s strat\u00e9giques.<\/li>\n\n\n\n<li><strong>La mesure pr\u00e9c\u00e8de l&rsquo;action<\/strong><br>L&rsquo;analyse pr\u00e9alable et le testing syst\u00e9matique \u00e9vitent les investissements non rentables.<\/li>\n\n\n\n<li><strong>La r\u00e9gularit\u00e9 comme facteur de succ\u00e8s<\/strong><br>La progression constante s&rsquo;av\u00e8re plus efficace que les efforts ponctuels et intensifs.<\/li>\n<\/ol>\n\n\n\n<hr class=\"wp-block-separator has-alpha-channel-opacity\"\/>\n\n\n\n<h3 class=\"wp-block-heading\"><span class=\"ez-toc-section\" id=\"Feuille_de_route_strategique\"><\/span><strong>Feuille de route strat\u00e9gique<\/strong><span class=\"ez-toc-section-end\"><\/span><\/h3>\n\n\n\n<p>Sur la base de ces enseignements, les priorit\u00e9s pour les prochains mois s&rsquo;articulent autour de trois axes :<\/p>\n\n\n\n<ol start=\"1\" class=\"wp-block-list\">\n<li><strong>Optimisation des processus existants<\/strong><br>Am\u00e9lioration continue des dispositifs en place pour gagner en efficacit\u00e9 op\u00e9rationnelle.<\/li>\n\n\n\n<li><strong>Diversification des formats de contenu<\/strong><br>D\u00e9veloppement de nouveaux supports (audiovisuel, podcast, contenus experts) pour \u00e9largir l&rsquo;audience.<\/li>\n\n\n\n<li><strong>Exploration de march\u00e9s internationaux<\/strong><br>Tests progressifs de contenus et services en anglais pour \u00e9valuer le potentiel international.<\/li>\n<\/ol>\n\n\n\n<hr class=\"wp-block-separator has-alpha-channel-opacity\"\/>\n\n\n\n<h3 class=\"wp-block-heading\"><span class=\"ez-toc-section\" id=\"Equilibre_professionnel_et_personnel\"><\/span><strong>\u00c9quilibre professionnel et personnel<\/strong><span class=\"ez-toc-section-end\"><\/span><\/h3>\n\n\n\n<p>La performance durable n\u00e9cessite une attention constante \u00e0 l&rsquo;\u00e9quilibre global. Le mois d&rsquo;ao\u00fbt a confirm\u00e9 l&rsquo;importance de pr\u00e9server des plages de repos, de maintenir une activit\u00e9 physique r\u00e9guli\u00e8re et de consacrer du temps aux relations personnelles. La sustainability entrepreneuriale passe par ce \u00e9quilibre fondamental.<\/p>\n\n\n\n<hr class=\"wp-block-separator has-alpha-channel-opacity\"\/>\n\n\n\n<h3 class=\"wp-block-heading\"><span class=\"ez-toc-section\" id=\"Synthese_et_perspectives\"><\/span><strong>Synth\u00e8se et perspectives<\/strong><span class=\"ez-toc-section-end\"><\/span><\/h3>\n\n\n\n<p>Le bilan d&rsquo;ao\u00fbt 2025 confirme l&rsquo;importance d&rsquo;une \u00e9valuation r\u00e9guli\u00e8re des performances. Les r\u00e9sultats obtenus, combin\u00e9s aux enseignements tir\u00e9s des difficult\u00e9s rencontr\u00e9es, dessinent une trajectoire de croissance ma\u00eetris\u00e9e et durable.<\/p>\n\n\n\n<p><strong>Pour une analyse d\u00e9taill\u00e9e incluant les donn\u00e9es chiffr\u00e9es compl\u00e8tes, visionnez la vid\u00e9o explicative :<\/strong><br><a href=\"https:\/\/www.youtube.com\/watch?v=bNEPIgxCcIY\" target=\"_blank\" rel=\"noreferrer noopener\">https:\/\/www.youtube.com\/watch?v=bNEPIgxCcIY<\/a><\/p>\n\n\n\n<p><strong>Quel a \u00e9t\u00e9 le principal enseignement de votre mois d&rsquo;ao\u00fbt sur le plan professionnel ?<\/strong><\/p>\n","protected":false},"excerpt":{"rendered":"<p>Analyse d\u00e9taill\u00e9e du mois d&rsquo;ao\u00fbt 2025 : chiffres cl\u00e9s, succ\u00e8s obtenus, d\u00e9fis rencontr\u00e9s et enseignements strat\u00e9giques pour d\u00e9velopper votre entreprise.<\/p>\n","protected":false},"author":1,"featured_media":250,"comment_status":"open","ping_status":"open","sticky":false,"template":"","format":"standard","meta":{"footnotes":""},"categories":[1],"tags":[],"class_list":["post-249","post","type-post","status-publish","format-standard","has-post-thumbnail","hentry","category-couteau"],"_links":{"self":[{"href":"https:\/\/couteau-nihon.fr\/blog\/wp-json\/wp\/v2\/posts\/249","targetHints":{"allow":["GET"]}}],"collection":[{"href":"https:\/\/couteau-nihon.fr\/blog\/wp-json\/wp\/v2\/posts"}],"about":[{"href":"https:\/\/couteau-nihon.fr\/blog\/wp-json\/wp\/v2\/types\/post"}],"author":[{"embeddable":true,"href":"https:\/\/couteau-nihon.fr\/blog\/wp-json\/wp\/v2\/users\/1"}],"replies":[{"embeddable":true,"href":"https:\/\/couteau-nihon.fr\/blog\/wp-json\/wp\/v2\/comments?post=249"}],"version-history":[{"count":0,"href":"https:\/\/couteau-nihon.fr\/blog\/wp-json\/wp\/v2\/posts\/249\/revisions"}],"wp:featuredmedia":[{"embeddable":true,"href":"https:\/\/couteau-nihon.fr\/blog\/wp-json\/wp\/v2\/media\/250"}],"wp:attachment":[{"href":"https:\/\/couteau-nihon.fr\/blog\/wp-json\/wp\/v2\/media?parent=249"}],"wp:term":[{"taxonomy":"category","embeddable":true,"href":"https:\/\/couteau-nihon.fr\/blog\/wp-json\/wp\/v2\/categories?post=249"},{"taxonomy":"post_tag","embeddable":true,"href":"https:\/\/couteau-nihon.fr\/blog\/wp-json\/wp\/v2\/tags?post=249"}],"curies":[{"name":"wp","href":"https:\/\/api.w.org\/{rel}","templated":true}]}}